{"id":1800,"date":"2024-05-19T10:18:20","date_gmt":"2024-05-19T08:18:20","guid":{"rendered":"https:\/\/magicrevolution.es\/?p=1800"},"modified":"2024-05-19T10:18:20","modified_gmt":"2024-05-19T08:18:20","slug":"marie-kondo-cara-visible-de-las-organizadoras-profesionales","status":"publish","type":"post","link":"https:\/\/magicrevolution.es\/en\/marie-kondo-cara-visible-de-las-organizadoras-profesionales\/","title":{"rendered":"Marie Kondo, the face of professional organizers"},"content":{"rendered":"\n<p>La japonesa Marie Kondo es conocida mundialmente como la<strong> gur\u00fa del orden<\/strong>. Ella pone rostro a la profesi\u00f3n de <strong>Organizadora Profesional<\/strong> y es quien ha dado pie a valorar y abordar el orden en nuestros hogares. En su libro, \u00abLa magia del orden\u00bb, se habla de la relaci\u00f3n que tenemos con nuestras pertenencias, y se promueve <strong>un estilo de vida m\u00e1s consciente<\/strong> y minimalista.<\/p>\n\n\n\n<p>Este creciente inter\u00e9s en el orden se ha ido afianzando en el resto de pa\u00edses europeos y hace unos a\u00f1os se afianz\u00f3 en Estados Unidos, poniendo nuevos rostros visibles en los medios como \u00abThe Home Edit\u00bb que ayudaron a visibilizar aun m\u00e1s la profesi\u00f3n.<\/p>\n\n\n<style>.wp-block-kadence-advancedheading.kt-adv-heading1800_dfc094-66, .wp-block-kadence-advancedheading.kt-adv-heading1800_dfc094-66[data-kb-block=\"kb-adv-heading1800_dfc094-66\"]{font-style:normal;}.wp-block-kadence-advancedheading.kt-adv-heading1800_dfc094-66 mark.kt-highlight, .wp-block-kadence-advancedheading.kt-adv-heading1800_dfc094-66[data-kb-block=\"kb-adv-heading1800_dfc094-66\"] mark.kt-highlight{font-style:normal;color:#f76a0c;-webkit-box-decoration-break:clone;box-decoration-break:clone;padding-top:0px;padding-right:0px;padding-bottom:0px;padding-left:0px;}.wp-block-kadence-advancedheading.kt-adv-heading1800_dfc094-66 img.kb-inline-image, .wp-block-kadence-advancedheading.kt-adv-heading1800_dfc094-66[data-kb-block=\"kb-adv-heading1800_dfc094-66\"] img.kb-inline-image{width:150px;vertical-align:baseline;}<\/style>\n<h2 class=\"kt-adv-heading1800_dfc094-66 wp-block-kadence-advancedheading\" data-kb-block=\"kb-adv-heading1800_dfc094-66\">Organizadores Profesionales en Espa\u00f1a<\/h2>\n\n\n\n<p>Un \u00aborganizador profesional\u00bb suena a profesi\u00f3n desconocida o suele verse como una profesi\u00f3n al alcance de solo unos pocos. La profesi\u00f3n de <strong>Organizadora Profesional<\/strong> lleva ya m\u00e1s de diez a\u00f1os en Espa\u00f1a, y al igual que en otros pa\u00edses, es una corriente que viene para quedarse. Cuenta con una <strong>Asociaci\u00f3n de Organizadores Profesionales de Espa\u00f1a (AOPE) <\/strong>y celebran su d\u00eda mundial el<strong> 20 de Mayo<\/strong>. <\/p>\n\n\n\n<p> La clave de estos profesionales del orden, es que no solo se apoyan en una t\u00e9cnica que seguir, sino que se acompa\u00f1a de una filosof\u00eda que busca <strong>mejorar la vida de las personas <\/strong>a trav\u00e9s del desapego, apostando por el bienestar.<\/p>\n\n\n<style>.wp-block-kadence-advancedheading.kt-adv-heading1800_f18e5d-9d, .wp-block-kadence-advancedheading.kt-adv-heading1800_f18e5d-9d[data-kb-block=\"kb-adv-heading1800_f18e5d-9d\"]{font-style:normal;}.wp-block-kadence-advancedheading.kt-adv-heading1800_f18e5d-9d mark.kt-highlight, .wp-block-kadence-advancedheading.kt-adv-heading1800_f18e5d-9d[data-kb-block=\"kb-adv-heading1800_f18e5d-9d\"] mark.kt-highlight{font-style:normal;color:#f76a0c;-webkit-box-decoration-break:clone;box-decoration-break:clone;padding-top:0px;padding-right:0px;padding-bottom:0px;padding-left:0px;}.wp-block-kadence-advancedheading.kt-adv-heading1800_f18e5d-9d img.kb-inline-image, .wp-block-kadence-advancedheading.kt-adv-heading1800_f18e5d-9d[data-kb-block=\"kb-adv-heading1800_f18e5d-9d\"] img.kb-inline-image{width:150px;vertical-align:baseline;}<\/style>\n<h2 class=\"kt-adv-heading1800_f18e5d-9d wp-block-kadence-advancedheading\" data-kb-block=\"kb-adv-heading1800_f18e5d-9d\">El orden de espacios<\/h2>\n\n\n\n<p>Tener nuestros <strong>espacios ordenados<\/strong> y por categor\u00edas espec\u00edficas, facilita la creaci\u00f3n de un entorno ordenado y armonioso, que puede conducir a una mayor<strong> paz mental y productividad.<\/strong><\/p>\n\n\n\n<p>La necesidad de conseguir estos entornos armoniosos, tener espacios ordenados y tener una sensaci\u00f3n de calma, es lo que eleva la necesidad de contar con organizadoras profesionales, que <strong>conozcan las t\u00e9cnicas y pasos necesarios<\/strong> para ayudar a cada cliente.<\/p>\n\n\n\n<p>Un organizador profesional nos ayuda a afrontar el caos o desorden de cualquier estancia. Tambi\u00e9n nos ayuda a<strong> optimizar espacios<\/strong> que ya est\u00e1n ordenados, para ubicar con l\u00f3gica nuestras pertenencias. Adem\u00e1s, ayudan a adecuar los espacios cuando hay <strong>cambios importantes en nuestras vidas<\/strong>: nacimientos, perdidas, mudanzas, etc. Son los profesionales que pueden ayudarnos a sentir nuestra casa, como un hogar. <\/p>\n\n\n\n<p>Los organizadores profesionales son una profesi\u00f3n del siglo XXI.<\/p>\n","protected":false},"excerpt":{"rendered":"<p>La japonesa Marie Kondo es conocida mundialmente como la gur\u00fa del orden. Ella pone rostro a la profesi\u00f3n de Organizadora Profesional y es quien ha dado pie a valorar y abordar el orden en nuestros hogares. En su libro, \u00abLa magia del orden\u00bb, se habla de la relaci\u00f3n que tenemos con nuestras pertenencias, y se&#8230;<\/p>","protected":false},"author":1,"featured_media":0,"comment_status":"closed","ping_status":"closed","sticky":false,"template":"","format":"standard","meta":{"om_disable_all_campaigns":false,"_monsterinsights_skip_tracking":false,"_monsterinsights_sitenote_active":false,"_monsterinsights_sitenote_note":"","_monsterinsights_sitenote_category":0,"_EventAllDay":false,"_EventTimezone":"","_EventStartDate":"","_EventEndDate":"","_EventStartDateUTC":"","_EventEndDateUTC":"","_EventShowMap":false,"_EventShowMapLink":false,"_EventURL":"","_EventCost":"","_EventCostDescription":"","_EventCurrencySymbol":"","_EventCurrencyCode":"","_EventCurrencyPosition":"","_EventDateTimeSeparator":"","_EventTimeRangeSeparator":"","_EventOrganizerID":[],"_EventVenueID":[],"_OrganizerEmail":"","_OrganizerPhone":"","_OrganizerWebsite":"","_VenueAddress":"","_VenueCity":"","_VenueCountry":"","_VenueProvince":"","_VenueState":"","_VenueZip":"","_VenuePhone":"","_VenueURL":"","_VenueStateProvince":"","_VenueLat":"","_VenueLng":"","_VenueShowMap":false,"_VenueShowMapLink":false,"_kadence_starter_templates_imported_post":false,"_kad_post_transparent":"","_kad_post_title":"","_kad_post_layout":"","_kad_post_sidebar_id":"","_kad_post_content_style":"","_kad_post_vertical_padding":"","_kad_post_feature":"","_kad_post_feature_position":"","_kad_post_header":false,"_kad_post_footer":false,"_kad_post_classname":"","footnotes":""},"categories":[1],"tags":[34,35,32,30,31,14],"class_list":["post-1800","post","type-post","status-publish","format-standard","hentry","category-orden-organizacion","tag-espana","tag-hogar","tag-marie-kondo","tag-orden","tag-organizador-profesional","tag-organizar"],"aioseo_notices":[],"_links":{"self":[{"href":"https:\/\/magicrevolution.es\/en\/wp-json\/wp\/v2\/posts\/1800","targetHints":{"allow":["GET"]}}],"collection":[{"href":"https:\/\/magicrevolution.es\/en\/wp-json\/wp\/v2\/posts"}],"about":[{"href":"https:\/\/magicrevolution.es\/en\/wp-json\/wp\/v2\/types\/post"}],"author":[{"embeddable":true,"href":"https:\/\/magicrevolution.es\/en\/wp-json\/wp\/v2\/users\/1"}],"replies":[{"embeddable":true,"href":"https:\/\/magicrevolution.es\/en\/wp-json\/wp\/v2\/comments?post=1800"}],"version-history":[{"count":1,"href":"https:\/\/magicrevolution.es\/en\/wp-json\/wp\/v2\/posts\/1800\/revisions"}],"predecessor-version":[{"id":1801,"href":"https:\/\/magicrevolution.es\/en\/wp-json\/wp\/v2\/posts\/1800\/revisions\/1801"}],"wp:attachment":[{"href":"https:\/\/magicrevolution.es\/en\/wp-json\/wp\/v2\/media?parent=1800"}],"wp:term":[{"taxonomy":"category","embeddable":true,"href":"https:\/\/magicrevolution.es\/en\/wp-json\/wp\/v2\/categories?post=1800"},{"taxonomy":"post_tag","embeddable":true,"href":"https:\/\/magicrevolution.es\/en\/wp-json\/wp\/v2\/tags?post=1800"}],"curies":[{"name":"wp","href":"https:\/\/api.w.org\/{rel}","templated":true}]}}